{"id":142,"date":"2009-11-20T16:45:10","date_gmt":"2009-11-20T14:45:10","guid":{"rendered":"http:\/\/imsanyapi.com.tr\/blog\/?p=142"},"modified":"2009-12-12T16:30:44","modified_gmt":"2009-12-12T14:30:44","slug":"yeni-binalarda-merkezi-sistem-zorunlu","status":"publish","type":"post","link":"https:\/\/imsanyapi.com.tr\/blog\/?p=142","title":{"rendered":"Yeni binalarda merkezi sistem zorunlu"},"content":{"rendered":"<div id=\"attachment_146\" style=\"width: 310px\" class=\"wp-caption alignleft\"><img aria-describedby=\"caption-attachment-146\" decoding=\"async\" loading=\"lazy\" class=\"size-medium wp-image-146 \" style=\"margin-left: 10px; margin-right: 10px;\" title=\"kazan\" src=\"http:\/\/imsanyapi.com.tr\/blog\/wp-content\/uploads\/2009\/11\/kazan-300x210.jpg\" alt=\"Merkezi sistem uygulamas\u0131\" width=\"300\" height=\"210\" srcset=\"https:\/\/imsanyapi.com.tr\/blog\/wp-content\/uploads\/2009\/11\/kazan-300x210.jpg 300w, https:\/\/imsanyapi.com.tr\/blog\/wp-content\/uploads\/2009\/11\/kazan.jpg 500w\" sizes=\"(max-width: 300px) 100vw, 300px\" \/><p id=\"caption-attachment-146\" class=\"wp-caption-text\">Merkezi sistem uygulamas\u0131<\/p><\/div>\n<p>Nihayet enerji verimlili\u011fi yasas\u0131na tam anlam\u0131yla uyan bir karar al\u0131nd\u0131. Bu sayede hem milli ekonomimize b\u00fcy\u00fck bir katk\u0131 sa\u011fland\u0131, hemde g\u00f6r\u00fcnt\u00fc kirlili\u011finin \u00f6n\u00fcne ge\u00e7ilmi\u015f oldu.Bu karara en \u00e7ok sevinecekler sadece kazan imalat\u00e7\u0131lar\u0131 de\u011fil; mimarlar, in\u015faat m\u00fchendisleri, i\u00e7 mimarlar ve hatta mutfak imalat\u00e7\u0131lar\u0131. \u00c7\u00fcnk\u00fc kombiler genelde mutfak ya da balkonlar\u0131 i\u015fgal etmekte ve t\u00fcrl\u00fc detay sorunlar\u0131 ya\u015fanmaktad\u0131r. Bina cephesinden m\u0131zrak gibi \u00e7\u0131kan hermetik kombi bacalar\u0131 hem g\u00f6r\u00fcnt\u00fc kirlili\u011fine hem de sa\u011fl\u0131ks\u0131z \u015fartlara sebep olmaktad\u0131r.\u00a0\u00a0<\/p>\n<p>T\u00fcrkiye&#8217;de 5 Aral\u0131k&#8217;tan itibaren in\u015fa edilecek binalarda merkezi \u0131s\u0131tma sistemi zorunlu hale gelecek. Bu uygulama ile y\u0131ll\u0131k 2 milyar dolar tasarruf sa\u011flanaca\u011f\u0131 tahmin ediliyor.Binalarda Enerji Performans\u0131 (BEP) Y\u00f6netmeli\u011fi, 5 Aral\u0131k 2009 tarihinden itibaren d\u00fczenlenerek uygulamaya giriyor.<\/p>\n<p>Kazan ve Bas\u0131n\u00e7l\u0131 Kap Sanayicileri Birli\u011fi Derne\u011fi (KBSB) Ba\u015fkan\u0131 Ali Eren, y\u00f6netmeli\u011fin 1000 metrekare in\u015faat alan\u0131n\u0131 ge\u00e7en t\u00fcm binalar\u0131 etkileyece\u011fini s\u00f6yledi.<\/p>\n<p>Eren, \u015fu s\u0131ralar y\u00f6netmeli\u011fe son \u015feklinin verildi\u011fini vurgulayarak; BEP y\u00f6netmeli\u011fi \u015fu anda Ba\u015fbakanl\u0131k\u2019ta son d\u00fczenlemelerin yap\u0131ld\u0131\u011f\u0131 a\u015famada. Say\u0131n Ba\u015fbakan\u0131m\u0131z i\u00e7in enerji verimlili\u011finin b\u00fcy\u00fck \u00f6nem ta\u015f\u0131d\u0131\u011f\u0131n\u0131 g\u00f6z \u00f6n\u00fcnde bulundurarak, y\u00f6netmeli\u011fin do\u011falgazda tasarrufu \u00f6n plana alan de\u011fi\u015fikliklerle y\u00fcr\u00fcrl\u00fc\u011fe girmesi i\u00e7in gereken t\u00fcm hassasiyetin g\u00f6sterilece\u011fine inan\u0131yoruz\u201d \u015feklinde konu\u015ftu.<br \/>\nAli Eren, y\u00f6netmelik \u00e7er\u00e7evesinde, yeni yap\u0131lan 1.000 metrekare ve \u00fczerindeki binalarda merkezi \u0131s\u0131tma sisteminin zorunlu hale getirilmesinin b\u00fcy\u00fck \u00f6nem ta\u015f\u0131d\u0131\u011f\u0131n\u0131 ve verimli enerji kullan\u0131m\u0131 a\u00e7\u0131s\u0131ndan b\u00fcy\u00fck bir ad\u0131m oldu\u011funu belirterek, bu uygulaman\u0131n \u00f6zellikle ekonomik anlamda bir rahatlama sa\u011flayaca\u011f\u0131n\u0131n alt\u0131n\u0131 \u00e7izdi.<\/p>\n<p>Eren; \u201c1989 y\u0131l\u0131nda T\u00fcrkiye\u2019nin do\u011falgaza ge\u00e7mesi ile birlikte, bireysel \u0131s\u0131nma sistemleri, yani kombiler, h\u0131zla T\u00fcrkiye pazar\u0131na girerek, yayg\u0131nl\u0131k kazand\u0131. Avrupa \u00fclkelerinde CO2 emisyonlar\u0131n\u0131n d\u00fc\u015f\u00fcr\u00fclmesi ve gaz tasarrufu amac\u0131 ile merkezi \u0131s\u0131tma sistemleri ile ilgili d\u00fczenlemeler yap\u0131l\u0131rken, T\u00fcrkiyede trend tersine ilerleyerek konvansiyonel kombi sat\u0131\u015f rakamlar\u0131 ile Avrupa\u2019n\u0131n ikinci b\u00fcy\u00fck pazar\u0131 konumuna geldi\u201d \u015feklinde konu\u015ftu.<\/p>\n<p>T\u00fcrkiye de her y\u0131l yakla\u015f\u0131k 600 bin yeni konut ihtiyac\u0131 oldu\u011funu belirten Eren, y\u0131lda ortalama 400 bin adet yeni konut in\u015faat\u0131 yap\u0131laca\u011f\u0131 varsay\u0131m\u0131 alt\u0131nda bile bu binalarda merkezi \u0131s\u0131tma sistemi kullan\u0131lmas\u0131 ile y\u0131ll\u0131k 500 milyon Dolar tutar\u0131nda tasarruf elde edilece\u011fini bildirdi.<\/p>\n<p>Eren; \u201cBEP y\u00f6netmeli\u011finde yer alan merkezi sistem zorunlulu\u011funun mevcut binalar\u0131 da kapsayacak \u015fekilde d\u00fczenlenmesi durumunda s\u00f6z konusu tasarruf 4 kat\u0131na \u00e7\u0131karak, \u00fclke ekonomisine her y\u0131l 2 milyar dolar katk\u0131 sa\u011flayacak.\u201d dedi.<\/p>\n<p><a href=\"http:\/\/kombi\"><img decoding=\"async\" loading=\"lazy\" class=\"size-medium wp-image-147 alignright\" style=\"margin-left: 10px; margin-right: 10px;\" title=\"kombi\" src=\"http:\/\/imsanyapi.com.tr\/blog\/wp-content\/uploads\/2009\/11\/kombi-293x300.jpg\" alt=\"kombi\" width=\"293\" height=\"300\" srcset=\"https:\/\/imsanyapi.com.tr\/blog\/wp-content\/uploads\/2009\/11\/kombi-293x300.jpg 293w, https:\/\/imsanyapi.com.tr\/blog\/wp-content\/uploads\/2009\/11\/kombi.jpg 360w\" sizes=\"(max-width: 293px) 100vw, 293px\" \/><\/a><br \/>\nAli Eren, 2008 y\u0131l\u0131 sonu itibar\u0131 ile T\u00fcrkiye\u2019de \u00e7al\u0131\u015f\u0131r durumda 5.3 milyon adet kombi bulundu\u011funu ve her y\u0131l yakla\u015f\u0131k 500 bin adet kombi sat\u0131ld\u0131\u011f\u0131n\u0131 s\u00f6yledi. Eren, &#8220;Kombi \u0131s\u0131tma sistemleri, merkezi sistemlere oranla y\u00fczde 10-30 oran\u0131nda daha fazla do\u011falgaz t\u00fcketiyor. Bu fark y\u0131ll\u0131k ortalama 1 milyar dolara denk geliyor. Hali haz\u0131rda kullan\u0131lan kombilerin 500 milyon dolar tutar\u0131nda bak\u0131m masraf\u0131n\u0131 ve her y\u0131l 500 milyon dolarl\u0131k yeni kombi sat\u0131\u015f\u0131n\u0131 da g\u00f6z \u00f6n\u00fcne ald\u0131\u011f\u0131m\u0131zda, \u00fclke olarak mevcut sistemde y\u0131ll\u0131k zarar\u0131m\u0131z\u0131n 2 milyar dolar oldu\u011fu ortaya \u00e7\u0131k\u0131yor&#8221; dedi.<\/p>\n<p>Murat I\u015eIK<\/p>\n<div class=\"addtoany_share_save_container addtoany_content_bottom\"><div class=\"a2a_kit a2a_kit_size_32 addtoany_list a2a_target\" id=\"wpa2a_1\"><a class=\"a2a_button_facebook\" href=\"http:\/\/www.addtoany.com\/add_to\/facebook?linkurl=https%3A%2F%2Fimsanyapi.com.tr%2Fblog%2F%3Fp%3D142&amp;linkname=Yeni%20binalarda%20merkezi%20sistem%20zorunlu\" title=\"Facebook\" rel=\"nofollow\" target=\"_blank\"><\/a><a class=\"a2a_button_twitter\" href=\"http:\/\/www.addtoany.com\/add_to\/twitter?linkurl=https%3A%2F%2Fimsanyapi.com.tr%2Fblog%2F%3Fp%3D142&amp;linkname=Yeni%20binalarda%20merkezi%20sistem%20zorunlu\" title=\"Twitter\" rel=\"nofollow\" target=\"_blank\"><\/a><a class=\"a2a_button_google_plus\" href=\"http:\/\/www.addtoany.com\/add_to\/google_plus?linkurl=https%3A%2F%2Fimsanyapi.com.tr%2Fblog%2F%3Fp%3D142&amp;linkname=Yeni%20binalarda%20merkezi%20sistem%20zorunlu\" title=\"Google+\" rel=\"nofollow\" target=\"_blank\"><\/a><a class=\"a2a_dd addtoany_share_save\" href=\"https:\/\/www.addtoany.com\/share_save\"><\/a>\n<script type=\"text\/javascript\"><!--\nwpa2a.script_load();\n\/\/--><\/script>\n<\/div><\/div>","protected":false},"excerpt":{"rendered":"<p>Nihayet enerji verimlili\u011fi yasas\u0131na tam anlam\u0131yla uyan bir karar al\u0131nd\u0131. Bu sayede hem milli ekonomimize b\u00fcy\u00fck bir katk\u0131 sa\u011fland\u0131, hemde g\u00f6r\u00fcnt\u00fc kirlili\u011finin \u00f6n\u00fcne ge\u00e7ilmi\u015f oldu.Bu karara en \u00e7ok sevinecekler sadece kazan imalat\u00e7\u0131lar\u0131 de\u011fil; mimarlar, in\u015faat m\u00fchendisleri, i\u00e7 mimarlar ve hatta mutfak imalat\u00e7\u0131lar\u0131. \u00c7\u00fcnk\u00fc kombiler genelde mutfak ya da balkonlar\u0131 i\u015fgal etmekte ve t\u00fcrl\u00fc detay sorunlar\u0131 [&hellip;]<\/p>\n<div class=\"addtoany_share_save_container addtoany_content_bottom\"><div class=\"a2a_kit a2a_kit_size_32 addtoany_list a2a_target\" id=\"wpa2a_2\"><a class=\"a2a_button_facebook\" href=\"http:\/\/www.addtoany.com\/add_to\/facebook?linkurl=https%3A%2F%2Fimsanyapi.com.tr%2Fblog%2F%3Fp%3D142&amp;linkname=Yeni%20binalarda%20merkezi%20sistem%20zorunlu\" title=\"Facebook\" rel=\"nofollow\" target=\"_blank\"><\/a><a class=\"a2a_button_twitter\" href=\"http:\/\/www.addtoany.com\/add_to\/twitter?linkurl=https%3A%2F%2Fimsanyapi.com.tr%2Fblog%2F%3Fp%3D142&amp;linkname=Yeni%20binalarda%20merkezi%20sistem%20zorunlu\" title=\"Twitter\" rel=\"nofollow\" target=\"_blank\"><\/a><a class=\"a2a_button_google_plus\" href=\"http:\/\/www.addtoany.com\/add_to\/google_plus?linkurl=https%3A%2F%2Fimsanyapi.com.tr%2Fblog%2F%3Fp%3D142&amp;linkname=Yeni%20binalarda%20merkezi%20sistem%20zorunlu\" title=\"Google+\" rel=\"nofollow\" target=\"_blank\"><\/a><a class=\"a2a_dd addtoany_share_save\" href=\"https:\/\/www.addtoany.com\/share_save\"><\/a><\/div><\/div>","protected":false},"author":1,"featured_media":0,"comment_status":"open","ping_status":"open","sticky":false,"template":"","format":"standard","meta":[],"categories":[6,1],"tags":[90,92,86],"jetpack_featured_media_url":"","_links":{"self":[{"href":"https:\/\/imsanyapi.com.tr\/blog\/index.php?rest_route=\/wp\/v2\/posts\/142"}],"collection":[{"href":"https:\/\/imsanyapi.com.tr\/blog\/index.php?rest_route=\/wp\/v2\/posts"}],"about":[{"href":"https:\/\/imsanyapi.com.tr\/blog\/index.php?rest_route=\/wp\/v2\/types\/post"}],"author":[{"embeddable":true,"href":"https:\/\/imsanyapi.com.tr\/blog\/index.php?rest_route=\/wp\/v2\/users\/1"}],"replies":[{"embeddable":true,"href":"https:\/\/imsanyapi.com.tr\/blog\/index.php?rest_route=%2Fwp%2Fv2%2Fcomments&post=142"}],"version-history":[{"count":8,"href":"https:\/\/imsanyapi.com.tr\/blog\/index.php?rest_route=\/wp\/v2\/posts\/142\/revisions"}],"predecessor-version":[{"id":151,"href":"https:\/\/imsanyapi.com.tr\/blog\/index.php?rest_route=\/wp\/v2\/posts\/142\/revisions\/151"}],"wp:attachment":[{"href":"https:\/\/imsanyapi.com.tr\/blog\/index.php?rest_route=%2Fwp%2Fv2%2Fmedia&parent=142"}],"wp:term":[{"taxonomy":"category","embeddable":true,"href":"https:\/\/imsanyapi.com.tr\/blog\/index.php?rest_route=%2Fwp%2Fv2%2Fcategories&post=142"},{"taxonomy":"post_tag","embeddable":true,"href":"https:\/\/imsanyapi.com.tr\/blog\/index.php?rest_route=%2Fwp%2Fv2%2Ftags&post=142"}],"curies":[{"name":"wp","href":"https:\/\/api.w.org\/{rel}","templated":true}]}}