{"id":169,"date":"2009-12-14T23:30:44","date_gmt":"2009-12-14T21:30:44","guid":{"rendered":"http:\/\/imsanyapi.com.tr\/blog\/?p=169"},"modified":"2009-12-28T16:11:57","modified_gmt":"2009-12-28T14:11:57","slug":"tam-yogusmali-kombi-nedir","status":"publish","type":"post","link":"https:\/\/imsanyapi.com.tr\/blog\/?p=169","title":{"rendered":"Tam yo\u011fu\u015fmal\u0131 kombi nedir?"},"content":{"rendered":"<p style=\"text-align: justify;\">Do\u011falgazla \u00e7al\u0131\u015fan yan\u0131c\u0131 cihazlarda, do\u011falgaz\u0131n yanmas\u0131yla elde edilen enerji kullan\u0131l\u0131r. Ayr\u0131ca bu yanman\u0131n sonucunda <em>\u201c<strong>karbon monoksit\u201d<\/strong><\/em> (CO) ve <strong><em>\u201cazot oksit\u201d<\/em><\/strong> (NOx) \u00a0gazlar\u0131 da at\u0131k gaz olarak a\u00e7\u0131\u011fa \u00e7\u0131karlar.A\u00e7\u0131\u011fa \u00e7\u0131kan bu at\u0131k gazlar\u0131n \u0131s\u0131s\u0131ndan da faydalanma d\u00fc\u015f\u00fcncesinden hareketle <strong><em>&#8220;yo\u011fu\u015fmal\u0131 kombiler&#8221;<\/em><\/strong> tasarlanm\u0131\u015f ve geli\u015ftirilmi\u015ftir.Yo\u011fu\u015fma \u00f6zelli\u011fi olmayan kombilere s\u0131kl\u0131kla\u00a0<strong><em>&#8220;konvansiyonel kombiler&#8221;<\/em><\/strong> denmektedir.\u00a0Konvansiyonel kombilerde iki e\u015fanj\u00f6r bulunur. Bunlardan ilki br\u00fcl\u00f6r\u00fcn hemen \u00fczerinde yer alan alevle direk temas eden <strong><em>&#8220;primer e\u015fanj\u00f6rd\u00fcr&#8221;<\/em><\/strong>.\u00a0Bir di\u011fer e\u015fanj\u00f6r ise <strong><em>&#8220;plakal\u0131 e\u015fanj\u00f6rd\u00fcr&#8221;<\/em><\/strong>.\u00a0Plakal\u0131 e\u015fanj\u00f6r primer e\u015fanj\u00f6rden beslenir. Yani alev \u00f6nce primer e\u015fanj\u00f6rdeki suyu \u0131s\u0131t\u0131r, \u0131s\u0131nan bu su ile de\u00a0\u015febekeden plakal\u0131 e\u015fanj\u00f6re giren so\u011fuk su \u0131s\u0131t\u0131larak s\u0131cak kullan\u0131m suyu elde edilir. Bu nedenle bu e\u015fanj\u00f6rlere <strong><em>&#8220;sekonder e\u015fanj\u00f6r&#8221;<\/em><\/strong> de denir.\u00a0A\u015fa\u011f\u0131da konvansiyonel kombilere ait \u015femada t\u00fcm par\u00e7alar isimleriyle g\u00f6sterilmi\u015ftir.E\u015fanj\u00f6r ve plakal\u0131 e\u015fanj\u00f6r\u00fcn konumlar\u0131 belirlenmi\u015ftir.<\/p>\n<p style=\"text-align: justify;\"><img decoding=\"async\" loading=\"lazy\" class=\"aligncenter size-full wp-image-195\" title=\"kombi1\" src=\"http:\/\/imsanyapi.com.tr\/blog\/wp-content\/uploads\/2009\/12\/kombi14.jpg\" alt=\"kombi1\" width=\"620\" height=\"425\" srcset=\"https:\/\/imsanyapi.com.tr\/blog\/wp-content\/uploads\/2009\/12\/kombi14.jpg 620w, https:\/\/imsanyapi.com.tr\/blog\/wp-content\/uploads\/2009\/12\/kombi14-300x205.jpg 300w\" sizes=\"(max-width: 620px) 100vw, 620px\" \/><\/p>\n<p style=\"text-align: justify;\">Konvansiyonel kombilerde e\u015fanj\u00f6rlerin g\u00f6revleri ve kombi i\u00e7indeki konumlar\u0131n\u0131 bu \u015fekilde belirttikten sonra art\u0131k konumuz olan yo\u011fu\u015fmal\u0131 kombiler, tam yo\u011fu\u015fmal\u0131 kombiler ve bu kombilerin e\u015fanj\u00f6r sistemlerine ge\u00e7ebiliriz. \u0130lk olarak\u00a0 yo\u011fu\u015fmal\u0131 kombiler ve bu kombilerde yer alan <strong><em>&#8220;turbo e\u015fanj\u00f6rlerden&#8221;<\/em><\/strong>\u00a0 bahsedelim. Yo\u011fu\u015fmal\u0131 kombilerde,\u00a0\u00a0konvansiyonel kombilerdeki iki e\u015fanj\u00f6re ilave olarak yo\u011fu\u015fman\u0131n ger\u00e7ekle\u015fti\u011fi \u00fc\u00e7\u00fcnc\u00fc bir e\u015fanj\u00f6r daha vard\u0131r. Bu e\u015fanj\u00f6re <strong>&#8220;turbo e\u015fanj\u00f6r&#8221;<\/strong>\u00a0denir.Konumu fan motorunun yer ald\u0131\u011f\u0131 \u00fcst k\u0131s\u0131mda fan motorunun hemen yan\u0131ndad\u0131r.<\/p>\n<p><img decoding=\"async\" loading=\"lazy\" class=\"alignleft size-medium wp-image-228\" style=\"margin-left: 10px; margin-right: 10px;\" title=\"Resim 078\" src=\"http:\/\/imsanyapi.com.tr\/blog\/wp-content\/uploads\/2009\/12\/Resim-0781-300x176.jpg\" alt=\"Resim 078\" width=\"300\" height=\"176\" srcset=\"https:\/\/imsanyapi.com.tr\/blog\/wp-content\/uploads\/2009\/12\/Resim-0781-300x176.jpg 300w, https:\/\/imsanyapi.com.tr\/blog\/wp-content\/uploads\/2009\/12\/Resim-0781.jpg 708w\" sizes=\"(max-width: 300px) 100vw, 300px\" \/><\/p>\n<p style=\"text-align: left;\">\u00a0Hava ve do\u011falgaz\u0131n yanmas\u0131ndan elde etilen s\u0131cak at\u0131k gaz atmosfere at\u0131lmadan \u00f6nce son kez bu e\u015fanj\u00f6r y\u00fczeyine temas eder ve burada \u0131s\u0131s\u0131n\u0131 b\u0131rakarak atmosfere at\u0131l\u0131r.Bu esnada yo\u011fu\u015fma sonucu asitik \u00f6zelli\u011fi olan yo\u011fu\u015fma suyu da a\u00e7\u0131\u011fa \u00e7\u0131kar.Bu suyun tahliye edilmesi gerekir.Yo\u011fu\u015fma \u00a0e\u015fanj\u00f6rleri kombinin yan taraf\u0131nda da yer alabilirler.A\u015fa\u011f\u0131daki \u015femada konvansiyonel ve yo\u011fu\u015fmal\u0131 kombilerin k\u0131yaslanmas\u0131 \u00e7ok belirgin \u015fekilde yap\u0131lm\u0131\u015ft\u0131r. At\u0131k gazlar\u0131n direk atmosfere at\u0131ld\u0131\u011f\u0131 klasik kombilerden farkl\u0131 olarak yo\u011fu\u015fmal\u0131 kombilerde bu gazlar fan motorunun da vas\u0131tas\u0131yla \u00f6nce a\u015fa\u011f\u0131 do\u011fru yo\u011fu\u015fma e\u015fanj\u00f6r\u00fcne do\u011fru y\u00f6nlendirilmekte, i\u00e7indeki sudan \u00f6t\u00fcr\u00fc so\u011fuk bir y\u00fczeye sahip e\u015fanj\u00f6r y\u00fczeyi ile s\u0131cak at\u0131k gazlar\u0131n temas\u0131 ile yo\u011fu\u015fma\u00a0ger\u00e7ekle\u015ftirilmektedir.<\/p>\n<p style=\"text-align: left;\"><img decoding=\"async\" loading=\"lazy\" class=\"aligncenter size-full wp-image-331\" title=\"condense3\" src=\"http:\/\/imsanyapi.com.tr\/blog\/wp-content\/uploads\/2009\/12\/condense31.jpg\" alt=\"condense3\" width=\"991\" height=\"657\" srcset=\"https:\/\/imsanyapi.com.tr\/blog\/wp-content\/uploads\/2009\/12\/condense31.jpg 991w, https:\/\/imsanyapi.com.tr\/blog\/wp-content\/uploads\/2009\/12\/condense31-300x198.jpg 300w\" sizes=\"(max-width: 991px) 100vw, 991px\" \/><\/p>\n<p style=\"text-align: center;\">Son olarak tam yo\u011fu\u015fmal\u0131 kombilere ge\u00e7meden \u00f6nce sizlere <strong><em>&#8220;zengin kar\u0131\u015f\u0131m\u0131n&#8221; <\/em><\/strong>tan\u0131m\u0131n\u0131 yapmam\u0131z gerekir. \u00d6zellikle otomobil tutkunlar\u0131n\u0131n \u00e7ok yak\u0131ndan bildi\u011fi bu kavram yan\u0131c\u0131 ve\u00a0yak\u0131c\u0131 maddelerin \u00f6nce bir araya getirilerek zengin bir kar\u0131\u015f\u0131m olu\u015fturulmas\u0131 ve ard\u0131ndan\u00a0alevle temas ettirilerek \u00e7ok daha verimli bir \u015fekilde yak\u0131lmas\u0131d\u0131r.Kombi ve do\u011falgaza uyarland\u0131\u011f\u0131nda ilk g\u00f6ze \u00e7arpan bu kombilerde fan motorunun \u00fcstte de\u011fil a\u015fa\u011f\u0131da, do\u011falgaz giri\u015finde yer almas\u0131d\u0131r.<img decoding=\"async\" loading=\"lazy\" class=\"aligncenter size-full wp-image-214\" title=\"premix\" src=\"http:\/\/imsanyapi.com.tr\/blog\/wp-content\/uploads\/2009\/12\/premix3.jpg\" alt=\"premix\" width=\"526\" height=\"554\" srcset=\"https:\/\/imsanyapi.com.tr\/blog\/wp-content\/uploads\/2009\/12\/premix3.jpg 526w, https:\/\/imsanyapi.com.tr\/blog\/wp-content\/uploads\/2009\/12\/premix3-284x300.jpg 284w\" sizes=\"(max-width: 526px) 100vw, 526px\" \/><\/p>\n<p style=\"text-align: left;\">\u00a07 numaradan giren taze hava ile 11 numaradan giren do\u011falgaz, 10 numaral\u0131 fan motoru vas\u0131tas\u0131yla zengin bir kar\u0131\u015f\u0131m olarak \u00e7evre dostu <strong><em>&#8220;premix br\u00fcl\u00f6re&#8221; <\/em><\/strong>gelmekte ve burada yanma ger\u00e7ekle\u015fmektedir.Yanma sonucu a\u00e7\u0131\u011fa \u00e7\u0131kan at\u0131k gaz direk atmosfere verilmemekte sarmal dairesel e\u015fanj\u00f6r kanallarda dola\u015ft\u0131r\u0131larak yo\u011fu\u015fma sa\u011flanmakta ve daha sonra 1 numaral\u0131 baca \u00e7\u0131k\u0131\u015f\u0131ndan d\u0131\u015far\u0131 at\u0131lmaktad\u0131r.Bu sayede\u00a0maksimum verim al\u0131nmaktad\u0131r.<\/p>\n<p style=\"text-align: left;\">Demird\u00f6k\u00fcm&#8217;\u00fcn \u00fcretti\u011fi <strong><em>&#8220;sargon premix&#8221; <\/em><\/strong>modeli yo\u011fu\u015fmal\u0131 kombiler %107,5 verim de\u011ferine sahiptirler.A\u015fa\u011f\u0131da <strong><em>&#8220;Demird\u00f6k\u00fcm Sargon Premix&#8221; <\/em><\/strong>modeli kombinin i\u00e7inde yer alan <strong><em>&#8220;premix br\u00fcl\u00f6r&#8221; <\/em><\/strong>g\u00f6sterilmi\u015ftir.<\/p>\n<p style=\"text-align: left;\"><img decoding=\"async\" loading=\"lazy\" class=\"aligncenter size-medium wp-image-237\" title=\"premix br\u00fcl\u00f6r\" src=\"http:\/\/imsanyapi.com.tr\/blog\/wp-content\/uploads\/2009\/12\/premix6-300x276.jpg\" alt=\"premix br\u00fcl\u00f6r\" width=\"300\" height=\"276\" srcset=\"https:\/\/imsanyapi.com.tr\/blog\/wp-content\/uploads\/2009\/12\/premix6-300x276.jpg 300w, https:\/\/imsanyapi.com.tr\/blog\/wp-content\/uploads\/2009\/12\/premix6.jpg 650w\" sizes=\"(max-width: 300px) 100vw, 300px\" \/><\/p>\n<p style=\"text-align: left;\">Kombinin i\u00e7inde taze hava\u00a0ve do\u011falgaz\u0131n giri\u015fi ile s\u0131cak so\u011fuk su sirk\u00fclasyonun da g\u00f6sterildi\u011fi \u00fc\u00e7 boyutlu resimden de premix br\u00fcl\u00f6rl\u00fc kombilerin \u00e7al\u0131\u015fma mant\u0131\u011f\u0131 ve i\u015fleyi\u015f kolayca g\u00f6r\u00fclebilmektedir.\u00a0<\/p>\n<p style=\"text-align: left;\"><img decoding=\"async\" loading=\"lazy\" class=\"aligncenter size-medium wp-image-238\" title=\"premix kombi modeli\" src=\"http:\/\/imsanyapi.com.tr\/blog\/wp-content\/uploads\/2009\/12\/EURON3-210x300.jpg\" alt=\"premix kombi modeli\" width=\"210\" height=\"300\" srcset=\"https:\/\/imsanyapi.com.tr\/blog\/wp-content\/uploads\/2009\/12\/EURON3-210x300.jpg 210w, https:\/\/imsanyapi.com.tr\/blog\/wp-content\/uploads\/2009\/12\/EURON3.jpg 260w\" sizes=\"(max-width: 210px) 100vw, 210px\" \/><\/p>\n<p style=\"text-align: left;\">\u00a0<\/p>\n<p style=\"text-align: left;\">Haz\u0131rlayan ve yazan : Murat I\u015eIK<\/p>\n<div class=\"addtoany_share_save_container addtoany_content_bottom\"><div class=\"a2a_kit a2a_kit_size_32 addtoany_list a2a_target\" id=\"wpa2a_1\"><a class=\"a2a_button_facebook\" href=\"http:\/\/www.addtoany.com\/add_to\/facebook?linkurl=https%3A%2F%2Fimsanyapi.com.tr%2Fblog%2F%3Fp%3D169&amp;linkname=Tam%20yo%C4%9Fu%C5%9Fmal%C4%B1%20kombi%20nedir%3F\" title=\"Facebook\" rel=\"nofollow\" target=\"_blank\"><\/a><a class=\"a2a_button_twitter\" href=\"http:\/\/www.addtoany.com\/add_to\/twitter?linkurl=https%3A%2F%2Fimsanyapi.com.tr%2Fblog%2F%3Fp%3D169&amp;linkname=Tam%20yo%C4%9Fu%C5%9Fmal%C4%B1%20kombi%20nedir%3F\" title=\"Twitter\" rel=\"nofollow\" target=\"_blank\"><\/a><a class=\"a2a_button_google_plus\" href=\"http:\/\/www.addtoany.com\/add_to\/google_plus?linkurl=https%3A%2F%2Fimsanyapi.com.tr%2Fblog%2F%3Fp%3D169&amp;linkname=Tam%20yo%C4%9Fu%C5%9Fmal%C4%B1%20kombi%20nedir%3F\" title=\"Google+\" rel=\"nofollow\" target=\"_blank\"><\/a><a class=\"a2a_dd addtoany_share_save\" href=\"https:\/\/www.addtoany.com\/share_save\"><\/a>\n<script type=\"text\/javascript\"><!--\nwpa2a.script_load();\n\/\/--><\/script>\n<\/div><\/div>","protected":false},"excerpt":{"rendered":"<p>Do\u011falgazla \u00e7al\u0131\u015fan yan\u0131c\u0131 cihazlarda, do\u011falgaz\u0131n yanmas\u0131yla elde edilen enerji kullan\u0131l\u0131r. Ayr\u0131ca bu yanman\u0131n sonucunda \u201ckarbon monoksit\u201d (CO) ve \u201cazot oksit\u201d (NOx) \u00a0gazlar\u0131 da at\u0131k gaz olarak a\u00e7\u0131\u011fa \u00e7\u0131karlar.A\u00e7\u0131\u011fa \u00e7\u0131kan bu at\u0131k gazlar\u0131n \u0131s\u0131s\u0131ndan da faydalanma d\u00fc\u015f\u00fcncesinden hareketle &#8220;yo\u011fu\u015fmal\u0131 kombiler&#8221; tasarlanm\u0131\u015f ve geli\u015ftirilmi\u015ftir.Yo\u011fu\u015fma \u00f6zelli\u011fi olmayan kombilere s\u0131kl\u0131kla\u00a0&#8220;konvansiyonel kombiler&#8221; denmektedir.\u00a0Konvansiyonel kombilerde iki e\u015fanj\u00f6r bulunur. Bunlardan ilki br\u00fcl\u00f6r\u00fcn [&hellip;]<\/p>\n<div class=\"addtoany_share_save_container addtoany_content_bottom\"><div class=\"a2a_kit a2a_kit_size_32 addtoany_list a2a_target\" id=\"wpa2a_2\"><a class=\"a2a_button_facebook\" href=\"http:\/\/www.addtoany.com\/add_to\/facebook?linkurl=https%3A%2F%2Fimsanyapi.com.tr%2Fblog%2F%3Fp%3D169&amp;linkname=Tam%20yo%C4%9Fu%C5%9Fmal%C4%B1%20kombi%20nedir%3F\" title=\"Facebook\" rel=\"nofollow\" target=\"_blank\"><\/a><a class=\"a2a_button_twitter\" href=\"http:\/\/www.addtoany.com\/add_to\/twitter?linkurl=https%3A%2F%2Fimsanyapi.com.tr%2Fblog%2F%3Fp%3D169&amp;linkname=Tam%20yo%C4%9Fu%C5%9Fmal%C4%B1%20kombi%20nedir%3F\" title=\"Twitter\" rel=\"nofollow\" target=\"_blank\"><\/a><a class=\"a2a_button_google_plus\" href=\"http:\/\/www.addtoany.com\/add_to\/google_plus?linkurl=https%3A%2F%2Fimsanyapi.com.tr%2Fblog%2F%3Fp%3D169&amp;linkname=Tam%20yo%C4%9Fu%C5%9Fmal%C4%B1%20kombi%20nedir%3F\" title=\"Google+\" rel=\"nofollow\" target=\"_blank\"><\/a><a class=\"a2a_dd addtoany_share_save\" href=\"https:\/\/www.addtoany.com\/share_save\"><\/a><\/div><\/div>","protected":false},"author":1,"featured_media":0,"comment_status":"open","ping_status":"open","sticky":false,"template":"","format":"standard","meta":[],"categories":[3],"tags":[101,100,93,97,95,94,98,72,99,96],"jetpack_featured_media_url":"","_links":{"self":[{"href":"https:\/\/imsanyapi.com.tr\/blog\/index.php?rest_route=\/wp\/v2\/posts\/169"}],"collection":[{"href":"https:\/\/imsanyapi.com.tr\/blog\/index.php?rest_route=\/wp\/v2\/posts"}],"about":[{"href":"https:\/\/imsanyapi.com.tr\/blog\/index.php?rest_route=\/wp\/v2\/types\/post"}],"author":[{"embeddable":true,"href":"https:\/\/imsanyapi.com.tr\/blog\/index.php?rest_route=\/wp\/v2\/users\/1"}],"replies":[{"embeddable":true,"href":"https:\/\/imsanyapi.com.tr\/blog\/index.php?rest_route=%2Fwp%2Fv2%2Fcomments&post=169"}],"version-history":[{"count":50,"href":"https:\/\/imsanyapi.com.tr\/blog\/index.php?rest_route=\/wp\/v2\/posts\/169\/revisions"}],"predecessor-version":[{"id":225,"href":"https:\/\/imsanyapi.com.tr\/blog\/index.php?rest_route=\/wp\/v2\/posts\/169\/revisions\/225"}],"wp:attachment":[{"href":"https:\/\/imsanyapi.com.tr\/blog\/index.php?rest_route=%2Fwp%2Fv2%2Fmedia&parent=169"}],"wp:term":[{"taxonomy":"category","embeddable":true,"href":"https:\/\/imsanyapi.com.tr\/blog\/index.php?rest_route=%2Fwp%2Fv2%2Fcategories&post=169"},{"taxonomy":"post_tag","embeddable":true,"href":"https:\/\/imsanyapi.com.tr\/blog\/index.php?rest_route=%2Fwp%2Fv2%2Ftags&post=169"}],"curies":[{"name":"wp","href":"https:\/\/api.w.org\/{rel}","templated":true}]}}