{"id":39,"date":"2009-10-27T10:12:07","date_gmt":"2009-10-27T08:12:07","guid":{"rendered":"http:\/\/imsanyapi.com.tr\/blog\/?p=39"},"modified":"2009-12-16T15:17:14","modified_gmt":"2009-12-16T13:17:14","slug":"vaillant-demirdokume-yatirima-devam-ediyor","status":"publish","type":"post","link":"https:\/\/imsanyapi.com.tr\/blog\/?p=39","title":{"rendered":"Vaillant, DemirD\u00f6k\u00fcm&#8217;e yat\u0131r\u0131ma devam ediyor"},"content":{"rendered":"<p>\u00a0<\/p>\n<p><img decoding=\"async\" loading=\"lazy\" class=\"alignleft size-medium wp-image-40\" style=\"margin-left: 10px; margin-right: 10px;\" title=\"TDD\" src=\"http:\/\/imsanyapi.com.tr\/blog\/wp-content\/uploads\/2009\/10\/TDD-300x224.jpg\" alt=\"TDD\" width=\"300\" height=\"224\" \/><\/p>\n<p>DemirD\u00f6k\u00fcm&#8217;\u00fcn y\u00fczde 96.18&#8217;lik hissesini Ekim 2007&#8217;de 281 milyon 325 bin 227 euroya sat\u0131n alan Vaillant Group, sat\u0131n almadan bug\u00fcne kadar ge\u00e7en 750 g\u00fcnde DemirD\u00f6k\u00fcm Boz\u00fcy\u00fck Fabrikas\u0131&#8217;na 30 milyon 511 bin euro yat\u0131r\u0131m ger\u00e7ekle\u015ftirdi. B\u00f6ylelikle Vaillant&#8217;\u0131n T\u00fcrkiye&#8217;deki yat\u0131r\u0131m toplam 311 milyon 836 bin 227 euroya ula\u015ft\u0131. Vaillant Group T\u00fcrkiye CEO&#8217;su ve DemirD\u00f6k\u00fcm Y\u00f6netim Kurulu Ba\u015fkan\u0131 Christoph M Grosser, Vaillant Grup&#8217;la DemirD\u00f6k\u00fcm&#8217;\u00fcn Ekim 2007&#8217;deki birle\u015fmesinden bu yana, 31 milyon euro modernle\u015ftirme yat\u0131r\u0131m\u0131 yapt\u0131klar\u0131n\u0131 s\u00f6yledi. Yat\u0131r\u0131mlar\u0131n b\u00fcy\u00fck k\u0131sm\u0131n\u0131n, bin 645 \u00e7al\u0131\u015fan\u0131yla Vaillant Grup&#8217;un Almanya&#8217;daki fabrikas\u0131ndan sonra ikinci b\u00fcy\u00fck fabrika olan Boz\u00fcy\u00fck Fabrikas\u0131&#8217;na yap\u0131ld\u0131\u011f\u0131n\u0131 belirten Grosser, 2009&#8217;da 287<span style=\"color: #ff0000;\"><strong>\u00a0 <\/strong><span style=\"color: #000000;\">yeni<\/span><strong> <\/strong><\/span>istihdam sa\u011flad\u0131klar\u0131n\u0131 ve yat\u0131r\u0131mlar\u0131n devam edece\u011fini a\u00e7\u0131klad\u0131.<br \/>\n\u00a0TAKV\u0130M GAZETES\u0130<\/p>\n<div class=\"addtoany_share_save_container addtoany_content_bottom\"><div class=\"a2a_kit a2a_kit_size_32 addtoany_list a2a_target\" id=\"wpa2a_1\"><a class=\"a2a_button_facebook\" href=\"http:\/\/www.addtoany.com\/add_to\/facebook?linkurl=https%3A%2F%2Fimsanyapi.com.tr%2Fblog%2F%3Fp%3D39&amp;linkname=Vaillant%2C%20DemirD%C3%B6k%C3%BCm%E2%80%99e%20yat%C4%B1r%C4%B1ma%20devam%20ediyor\" title=\"Facebook\" rel=\"nofollow\" target=\"_blank\"><\/a><a class=\"a2a_button_twitter\" href=\"http:\/\/www.addtoany.com\/add_to\/twitter?linkurl=https%3A%2F%2Fimsanyapi.com.tr%2Fblog%2F%3Fp%3D39&amp;linkname=Vaillant%2C%20DemirD%C3%B6k%C3%BCm%E2%80%99e%20yat%C4%B1r%C4%B1ma%20devam%20ediyor\" title=\"Twitter\" rel=\"nofollow\" target=\"_blank\"><\/a><a class=\"a2a_button_google_plus\" href=\"http:\/\/www.addtoany.com\/add_to\/google_plus?linkurl=https%3A%2F%2Fimsanyapi.com.tr%2Fblog%2F%3Fp%3D39&amp;linkname=Vaillant%2C%20DemirD%C3%B6k%C3%BCm%E2%80%99e%20yat%C4%B1r%C4%B1ma%20devam%20ediyor\" title=\"Google+\" rel=\"nofollow\" target=\"_blank\"><\/a><a class=\"a2a_dd addtoany_share_save\" href=\"https:\/\/www.addtoany.com\/share_save\"><\/a>\n<script type=\"text\/javascript\"><!--\nwpa2a.script_load();\n\/\/--><\/script>\n<\/div><\/div>","protected":false},"excerpt":{"rendered":"<p>\u00a0 DemirD\u00f6k\u00fcm&#8217;\u00fcn y\u00fczde 96.18&#8217;lik hissesini Ekim 2007&#8217;de 281 milyon 325 bin 227 euroya sat\u0131n alan Vaillant Group, sat\u0131n almadan bug\u00fcne kadar ge\u00e7en 750 g\u00fcnde DemirD\u00f6k\u00fcm Boz\u00fcy\u00fck Fabrikas\u0131&#8217;na 30 milyon 511 bin euro yat\u0131r\u0131m ger\u00e7ekle\u015ftirdi. B\u00f6ylelikle Vaillant&#8217;\u0131n T\u00fcrkiye&#8217;deki yat\u0131r\u0131m toplam 311 milyon 836 bin 227 euroya ula\u015ft\u0131. Vaillant Group T\u00fcrkiye CEO&#8217;su ve DemirD\u00f6k\u00fcm Y\u00f6netim Kurulu Ba\u015fkan\u0131 [&hellip;]<\/p>\n<div class=\"addtoany_share_save_container addtoany_content_bottom\"><div class=\"a2a_kit a2a_kit_size_32 addtoany_list a2a_target\" id=\"wpa2a_2\"><a class=\"a2a_button_facebook\" href=\"http:\/\/www.addtoany.com\/add_to\/facebook?linkurl=https%3A%2F%2Fimsanyapi.com.tr%2Fblog%2F%3Fp%3D39&amp;linkname=Vaillant%2C%20DemirD%C3%B6k%C3%BCm%E2%80%99e%20yat%C4%B1r%C4%B1ma%20devam%20ediyor\" title=\"Facebook\" rel=\"nofollow\" target=\"_blank\"><\/a><a class=\"a2a_button_twitter\" href=\"http:\/\/www.addtoany.com\/add_to\/twitter?linkurl=https%3A%2F%2Fimsanyapi.com.tr%2Fblog%2F%3Fp%3D39&amp;linkname=Vaillant%2C%20DemirD%C3%B6k%C3%BCm%E2%80%99e%20yat%C4%B1r%C4%B1ma%20devam%20ediyor\" title=\"Twitter\" rel=\"nofollow\" target=\"_blank\"><\/a><a class=\"a2a_button_google_plus\" href=\"http:\/\/www.addtoany.com\/add_to\/google_plus?linkurl=https%3A%2F%2Fimsanyapi.com.tr%2Fblog%2F%3Fp%3D39&amp;linkname=Vaillant%2C%20DemirD%C3%B6k%C3%BCm%E2%80%99e%20yat%C4%B1r%C4%B1ma%20devam%20ediyor\" title=\"Google+\" rel=\"nofollow\" target=\"_blank\"><\/a><a class=\"a2a_dd addtoany_share_save\" href=\"https:\/\/www.addtoany.com\/share_save\"><\/a><\/div><\/div>","protected":false},"author":1,"featured_media":0,"comment_status":"open","ping_status":"open","sticky":false,"template":"","format":"standard","meta":[],"categories":[1],"tags":[35,47,43,48,45,49,44,46],"jetpack_featured_media_url":"","_links":{"self":[{"href":"https:\/\/imsanyapi.com.tr\/blog\/index.php?rest_route=\/wp\/v2\/posts\/39"}],"collection":[{"href":"https:\/\/imsanyapi.com.tr\/blog\/index.php?rest_route=\/wp\/v2\/posts"}],"about":[{"href":"https:\/\/imsanyapi.com.tr\/blog\/index.php?rest_route=\/wp\/v2\/types\/post"}],"author":[{"embeddable":true,"href":"https:\/\/imsanyapi.com.tr\/blog\/index.php?rest_route=\/wp\/v2\/users\/1"}],"replies":[{"embeddable":true,"href":"https:\/\/imsanyapi.com.tr\/blog\/index.php?rest_route=%2Fwp%2Fv2%2Fcomments&post=39"}],"version-history":[{"count":4,"href":"https:\/\/imsanyapi.com.tr\/blog\/index.php?rest_route=\/wp\/v2\/posts\/39\/revisions"}],"predecessor-version":[{"id":240,"href":"https:\/\/imsanyapi.com.tr\/blog\/index.php?rest_route=\/wp\/v2\/posts\/39\/revisions\/240"}],"wp:attachment":[{"href":"https:\/\/imsanyapi.com.tr\/blog\/index.php?rest_route=%2Fwp%2Fv2%2Fmedia&parent=39"}],"wp:term":[{"taxonomy":"category","embeddable":true,"href":"https:\/\/imsanyapi.com.tr\/blog\/index.php?rest_route=%2Fwp%2Fv2%2Fcategories&post=39"},{"taxonomy":"post_tag","embeddable":true,"href":"https:\/\/imsanyapi.com.tr\/blog\/index.php?rest_route=%2Fwp%2Fv2%2Ftags&post=39"}],"curies":[{"name":"wp","href":"https:\/\/api.w.org\/{rel}","templated":true}]}}